{"id":2200,"date":"2022-02-17T14:38:45","date_gmt":"2022-02-17T13:38:45","guid":{"rendered":"https:\/\/www.jolofsport.com\/?p=2200"},"modified":"2022-02-17T14:38:45","modified_gmt":"2022-02-17T13:38:45","slug":"volleyball-la-cavb-se-dote-dun-nouveau-siege-a-rabat","status":"publish","type":"post","link":"https:\/\/jolofsport.com\/?p=2200","title":{"rendered":"Volleyball: la CAVB se dote d\u2019un nouveau si\u00e8ge \u00e0 Rabat"},"content":{"rendered":"<p>Le si\u00e8ge du volleyball africain quitte l&#8217;Egypte pour le Maroc.\u00a0La Conf\u00e9d\u00e9ration africaine de volleyball (CAVB)\u00a0s\u2019offre, en effet, un nouveau si\u00e8ge dans la capitale marocaine, Rabat. La structure a \u00e9t\u00e9 inaugur\u00e9e, mercredi 16 f\u00e9vrier, par Bouchra Hajij, pr\u00e9sidente de la F\u00e9d\u00e9ration royale marocaine de volleyball (FRMVB) et de la CAVB.<\/p>\n<p>La c\u00e9r\u00e9monie d&#8217;ouverture de cette infrastructure s&#8217;est d\u00e9roul\u00e9e en pr\u00e9sence, notamment, d\u2019Ary Gra\u00e7a Filho, pr\u00e9sident de la F\u00e9d\u00e9ration internationale de volleyball (FIVB). De Joao Da Costa, premier vice-pr\u00e9sident de l&#8217;Association des comit\u00e9s nationaux olympiques africains (ACNOA). Il y avait \u00e9galement Kamal Lahlou, premier vice-pr\u00e9sident du Comit\u00e9 national olympique marocain. Ainsi que des membres du corps diplomatique accr\u00e9dit\u00e9s \u00e0 Rabat.<\/p>\n<p>C\u2019est la premi\u00e8re fois depuis 50 ans que le si\u00e8ge de la CAVB quitte la capitale \u00e9gyptienne.\u00a0<em>\u00abCe nouveau si\u00e8ge s\u2019inscrit dans le cadre du nouveau processus de r\u00e9forme de la Conf\u00e9d\u00e9ration impuls\u00e9 par pr\u00e9sidente Bouchra Hajij\u00bb<\/em>, souligne la F\u00e9d\u00e9ration marocaine. La CAVB vise \u00e0\u00a0<em>\u00abop\u00e9rer dans une atmosph\u00e8re de bonne gouvernance. Et \u00e0 adopter les bons principes comptables gr\u00e2ce \u00e0 des activit\u00e9s d\u2019audit efficaces. En vue d\u2019ajouter de la valeur aux op\u00e9rations de la conf\u00e9d\u00e9ration \u00e0 long terme et \u00eatre cr\u00e9dible devant les parties prenantes, y compris la\u00a0 FIVB \u00bb<\/em>,\u00a0ajoute l&#8217;instance.<\/p>\n<p><strong>Sportnewsafrica.com<\/strong><\/p>\n","protected":false},"excerpt":{"rendered":"<p>Le si\u00e8ge du volleyball africain quitte l&#8217;Egypte pour le Maroc.\u00a0La Conf\u00e9d\u00e9ration africaine de volleyball (CAVB)\u00a0s\u2019offre, en effet, un nouveau si\u00e8ge dans la capitale marocaine, Rabat. La structure a \u00e9t\u00e9 inaugur\u00e9e, mercredi 16 f\u00e9vrier, par Bouchra Hajij, pr\u00e9sidente de la F\u00e9d\u00e9ration royale marocaine de volleyball (FRMVB) et de la CAVB. La c\u00e9r\u00e9monie d&#8217;ouverture de cette infrastructure [&hellip;]<\/p>\n","protected":false},"author":2,"featured_media":2201,"comment_status":"open","ping_status":"open","sticky":false,"template":"","format":"standard","meta":{"footnotes":""},"categories":[49],"tags":[139,140,141],"class_list":["post-2200","post","type-post","status-publish","format-standard","has-post-thumbnail","hentry","category-omnisports","tag-joao-da-costa","tag-rabat","tag-volley"],"_links":{"self":[{"href":"https:\/\/jolofsport.com\/index.php?rest_route=\/wp\/v2\/posts\/2200"}],"collection":[{"href":"https:\/\/jolofsport.com\/index.php?rest_route=\/wp\/v2\/posts"}],"about":[{"href":"https:\/\/jolofsport.com\/index.php?rest_route=\/wp\/v2\/types\/post"}],"author":[{"embeddable":true,"href":"https:\/\/jolofsport.com\/index.php?rest_route=\/wp\/v2\/users\/2"}],"replies":[{"embeddable":true,"href":"https:\/\/jolofsport.com\/index.php?rest_route=%2Fwp%2Fv2%2Fcomments&post=2200"}],"version-history":[{"count":0,"href":"https:\/\/jolofsport.com\/index.php?rest_route=\/wp\/v2\/posts\/2200\/revisions"}],"wp:featuredmedia":[{"embeddable":true,"href":"https:\/\/jolofsport.com\/index.php?rest_route=\/wp\/v2\/media\/2201"}],"wp:attachment":[{"href":"https:\/\/jolofsport.com\/index.php?rest_route=%2Fwp%2Fv2%2Fmedia&parent=2200"}],"wp:term":[{"taxonomy":"category","embeddable":true,"href":"https:\/\/jolofsport.com\/index.php?rest_route=%2Fwp%2Fv2%2Fcategories&post=2200"},{"taxonomy":"post_tag","embeddable":true,"href":"https:\/\/jolofsport.com\/index.php?rest_route=%2Fwp%2Fv2%2Ftags&post=2200"}],"curies":[{"name":"wp","href":"https:\/\/api.w.org\/{rel}","templated":true}]}}